{"id":15679,"date":"2026-02-13T08:44:11","date_gmt":"2026-02-13T08:44:11","guid":{"rendered":"https:\/\/ropeland.eu\/zawiadomienie-o-zamknieciu-fabryki-w-turcji\/"},"modified":"2026-02-13T08:44:11","modified_gmt":"2026-02-13T08:44:11","slug":"zawiadomienie-o-zamknieciu-fabryki-w-turcji","status":"publish","type":"post","link":"https:\/\/ropeland.eu\/pl\/zawiadomienie-o-zamknieciu-fabryki-w-turcji\/","title":{"rendered":"ZAWIADOMIENIE O ZAMKNI\u0118CIU FABRYKI W TURCJI"},"content":{"rendered":"<p class=\"p1\">Zesp\u00f3\u0142 <a href=\"\/\" target=\"_blank\" rel=\"noopener\">Ropeland<\/a> chcia\u0142by poinformowa\u0107 wszystkie zainteresowane strony o ostatecznym zamkni\u0119ciu naszych zak\u0142ad\u00f3w produkcyjnych dzia\u0142aj\u0105cych w Republice Turcji.<\/p>\n<p class=\"p1\">Dzia\u0142alno\u015b\u0107 operacyjna zosta\u0142a w ca\u0142o\u015bci przeniesiona do rozbudowanej bazy produkcyjnej w Republice Bu\u0142garii.<\/p>\n<p class=\"p1\">Wszystkie operacje handlowe, \u0142\u0105cznie z przyjmowaniem, realizacj\u0105 i logistyk\u0105 zam\u00f3wie\u0144 na rynku mi\u0119dzynarodowym, s\u0105 teraz realizowane centralnie z fabryki macierzystej w Bu\u0142garii za po\u015brednictwem domeny ropeland.eu.<\/p>\n","protected":false},"excerpt":{"rendered":"<p>Zesp\u00f3\u0142 Ropeland chcia\u0142by poinformowa\u0107 wszystkie zainteresowane strony o ostatecznym zamkni\u0119ciu naszych zak\u0142ad\u00f3w produkcyjnych dzia\u0142aj\u0105cych w Republice Turcji. Dzia\u0142alno\u015b\u0107 operacyjna zosta\u0142a w ca\u0142o\u015bci przeniesiona do rozbudowanej bazy produkcyjnej w Republice Bu\u0142garii. Wszystkie operacje handlowe, \u0142\u0105cznie z przyjmowaniem, realizacj\u0105 i logistyk\u0105 zam\u00f3wie\u0144 na rynku mi\u0119dzynarodowym, s\u0105 teraz realizowane centralnie z fabryki macierzystej w Bu\u0142garii za po\u015brednictwem domeny [&hellip;]<\/p>\n","protected":false},"author":6,"featured_media":16107,"comment_status":"closed","ping_status":"open","sticky":false,"template":"","format":"standard","meta":{"footnotes":""},"categories":[14,25],"tags":[],"class_list":["post-15679","post","type-post","status-publish","format-standard","has-post-thumbnail","hentry","category-bez-kategorii","category-featured"],"yoast_head":"<!-- This site is optimized with the Yoast SEO plugin v27.2 - https:\/\/yoast.com\/product\/yoast-seo-wordpress\/ -->\n<title>ZAWIADOMIENIE O ZAMKNI\u0118CIU FABRYKI W TURCJI - Ropeland<\/title>\n<meta name=\"robots\" content=\"index, follow, max-snippet:-1, max-image-preview:large, max-video-preview:-1\" \/>\n<link rel=\"canonical\" href=\"https:\/\/ropeland.eu\/pl\/zawiadomienie-o-zamknieciu-fabryki-w-turcji\/\" \/>\n<meta property=\"og:locale\" content=\"pl_PL\" \/>\n<meta property=\"og:type\" content=\"article\" \/>\n<meta property=\"og:title\" content=\"ZAWIADOMIENIE O ZAMKNI\u0118CIU FABRYKI W TURCJI - Ropeland\" \/>\n<meta property=\"og:description\" content=\"Zesp\u00f3\u0142 Ropeland chcia\u0142by poinformowa\u0107 wszystkie zainteresowane strony o ostatecznym zamkni\u0119ciu naszych zak\u0142ad\u00f3w produkcyjnych dzia\u0142aj\u0105cych w Republice Turcji. Dzia\u0142alno\u015b\u0107 operacyjna zosta\u0142a w ca\u0142o\u015bci przeniesiona do rozbudowanej bazy produkcyjnej w Republice Bu\u0142garii. Wszystkie operacje handlowe, \u0142\u0105cznie z przyjmowaniem, realizacj\u0105 i logistyk\u0105 zam\u00f3wie\u0144 na rynku mi\u0119dzynarodowym, s\u0105 teraz realizowane centralnie z fabryki macierzystej w Bu\u0142garii za po\u015brednictwem domeny [&hellip;]\" \/>\n<meta property=\"og:url\" content=\"https:\/\/ropeland.eu\/pl\/zawiadomienie-o-zamknieciu-fabryki-w-turcji\/\" \/>\n<meta property=\"og:site_name\" content=\"Ropeland\" \/>\n<meta property=\"article:published_time\" content=\"2026-02-13T08:44:11+00:00\" \/>\n<meta property=\"og:image\" content=\"https:\/\/ropeland.eu\/wp-content\/uploads\/2023\/05\/photo_2023-05-16_17-38-04.jpg\" \/>\n\t<meta property=\"og:image:width\" content=\"1280\" \/>\n\t<meta property=\"og:image:height\" content=\"720\" \/>\n\t<meta property=\"og:image:type\" content=\"image\/jpeg\" \/>\n<meta name=\"author\" content=\"Ivan Todorov\" \/>\n<meta name=\"twitter:card\" content=\"summary_large_image\" \/>\n<meta name=\"twitter:label1\" content=\"Napisane przez\" \/>\n\t<meta name=\"twitter:data1\" content=\"Ivan Todorov\" \/>\n<script type=\"application\/ld+json\" class=\"yoast-schema-graph\">{\"@context\":\"https:\/\/schema.org\",\"@graph\":[{\"@type\":\"Article\",\"@id\":\"https:\/\/ropeland.eu\/pl\/zawiadomienie-o-zamknieciu-fabryki-w-turcji\/#article\",\"isPartOf\":{\"@id\":\"https:\/\/ropeland.eu\/pl\/zawiadomienie-o-zamknieciu-fabryki-w-turcji\/\"},\"author\":{\"name\":\"Ivan Todorov\",\"@id\":\"https:\/\/ropeland.eu\/#\/schema\/person\/f3129ee13356a8bda130ebca43d89379\"},\"headline\":\"ZAWIADOMIENIE O ZAMKNI\u0118CIU FABRYKI W TURCJI\",\"datePublished\":\"2026-02-13T08:44:11+00:00\",\"mainEntityOfPage\":{\"@id\":\"https:\/\/ropeland.eu\/pl\/zawiadomienie-o-zamknieciu-fabryki-w-turcji\/\"},\"wordCount\":79,\"publisher\":{\"@id\":\"https:\/\/ropeland.eu\/#organization\"},\"image\":{\"@id\":\"https:\/\/ropeland.eu\/pl\/zawiadomienie-o-zamknieciu-fabryki-w-turcji\/#primaryimage\"},\"thumbnailUrl\":\"https:\/\/ropeland.eu\/wp-content\/uploads\/2026\/02\/viber_image_2026-03-23_12-01-19-169.jpg\",\"articleSection\":{\"1\":\"Featured\"},\"inLanguage\":\"pl-PL\"},{\"@type\":\"WebPage\",\"@id\":\"https:\/\/ropeland.eu\/pl\/zawiadomienie-o-zamknieciu-fabryki-w-turcji\/\",\"url\":\"https:\/\/ropeland.eu\/pl\/zawiadomienie-o-zamknieciu-fabryki-w-turcji\/\",\"name\":\"ZAWIADOMIENIE O ZAMKNI\u0118CIU FABRYKI W TURCJI - Ropeland\",\"isPartOf\":{\"@id\":\"https:\/\/ropeland.eu\/#website\"},\"primaryImageOfPage\":{\"@id\":\"https:\/\/ropeland.eu\/pl\/zawiadomienie-o-zamknieciu-fabryki-w-turcji\/#primaryimage\"},\"image\":{\"@id\":\"https:\/\/ropeland.eu\/pl\/zawiadomienie-o-zamknieciu-fabryki-w-turcji\/#primaryimage\"},\"thumbnailUrl\":\"https:\/\/ropeland.eu\/wp-content\/uploads\/2026\/02\/viber_image_2026-03-23_12-01-19-169.jpg\",\"datePublished\":\"2026-02-13T08:44:11+00:00\",\"breadcrumb\":{\"@id\":\"https:\/\/ropeland.eu\/pl\/zawiadomienie-o-zamknieciu-fabryki-w-turcji\/#breadcrumb\"},\"inLanguage\":\"pl-PL\",\"potentialAction\":[{\"@type\":\"ReadAction\",\"target\":[\"https:\/\/ropeland.eu\/pl\/zawiadomienie-o-zamknieciu-fabryki-w-turcji\/\"]}]},{\"@type\":\"ImageObject\",\"inLanguage\":\"pl-PL\",\"@id\":\"https:\/\/ropeland.eu\/pl\/zawiadomienie-o-zamknieciu-fabryki-w-turcji\/#primaryimage\",\"url\":\"https:\/\/ropeland.eu\/wp-content\/uploads\/2026\/02\/viber_image_2026-03-23_12-01-19-169.jpg\",\"contentUrl\":\"https:\/\/ropeland.eu\/wp-content\/uploads\/2026\/02\/viber_image_2026-03-23_12-01-19-169.jpg\",\"width\":1600,\"height\":1200},{\"@type\":\"BreadcrumbList\",\"@id\":\"https:\/\/ropeland.eu\/pl\/zawiadomienie-o-zamknieciu-fabryki-w-turcji\/#breadcrumb\",\"itemListElement\":[{\"@type\":\"ListItem\",\"position\":1,\"name\":\"Home\",\"item\":\"https:\/\/ropeland.eu\/\"},{\"@type\":\"ListItem\",\"position\":2,\"name\":\"ZAWIADOMIENIE O ZAMKNI\u0118CIU FABRYKI W TURCJI\"}]},{\"@type\":\"WebSite\",\"@id\":\"https:\/\/ropeland.eu\/#website\",\"url\":\"https:\/\/ropeland.eu\/\",\"name\":\"Ropeland\",\"description\":\"\",\"publisher\":{\"@id\":\"https:\/\/ropeland.eu\/#organization\"},\"potentialAction\":[{\"@type\":\"SearchAction\",\"target\":{\"@type\":\"EntryPoint\",\"urlTemplate\":\"https:\/\/ropeland.eu\/?s={search_term_string}\"},\"query-input\":{\"@type\":\"PropertyValueSpecification\",\"valueRequired\":true,\"valueName\":\"search_term_string\"}}],\"inLanguage\":\"pl-PL\"},{\"@type\":\"Organization\",\"@id\":\"https:\/\/ropeland.eu\/#organization\",\"name\":\"Ropeland\",\"url\":\"https:\/\/ropeland.eu\/\",\"logo\":{\"@type\":\"ImageObject\",\"inLanguage\":\"pl-PL\",\"@id\":\"https:\/\/ropeland.eu\/#\/schema\/logo\/image\/\",\"url\":\"https:\/\/ropeland.eu\/wp-content\/uploads\/2023\/04\/cropped-favicon-1.png\",\"contentUrl\":\"https:\/\/ropeland.eu\/wp-content\/uploads\/2023\/04\/cropped-favicon-1.png\",\"width\":512,\"height\":512,\"caption\":\"Ropeland\"},\"image\":{\"@id\":\"https:\/\/ropeland.eu\/#\/schema\/logo\/image\/\"}},{\"@type\":\"Person\",\"@id\":\"https:\/\/ropeland.eu\/#\/schema\/person\/f3129ee13356a8bda130ebca43d89379\",\"name\":\"Ivan Todorov\",\"image\":{\"@type\":\"ImageObject\",\"inLanguage\":\"pl-PL\",\"@id\":\"https:\/\/secure.gravatar.com\/avatar\/36be760f68af76886aa84fc815241e11c0e6485e469e0d396c669f1ea0392a41?s=96&d=mm&r=g\",\"url\":\"https:\/\/secure.gravatar.com\/avatar\/36be760f68af76886aa84fc815241e11c0e6485e469e0d396c669f1ea0392a41?s=96&d=mm&r=g\",\"contentUrl\":\"https:\/\/secure.gravatar.com\/avatar\/36be760f68af76886aa84fc815241e11c0e6485e469e0d396c669f1ea0392a41?s=96&d=mm&r=g\",\"caption\":\"Ivan Todorov\"},\"url\":\"https:\/\/ropeland.eu\/pl\/author\/grow-easy\/\"}]}<\/script>\n<!-- \/ Yoast SEO plugin. -->","yoast_head_json":{"title":"ZAWIADOMIENIE O ZAMKNI\u0118CIU FABRYKI W TURCJI - Ropeland","robots":{"index":"index","follow":"follow","max-snippet":"max-snippet:-1","max-image-preview":"max-image-preview:large","max-video-preview":"max-video-preview:-1"},"canonical":"https:\/\/ropeland.eu\/pl\/zawiadomienie-o-zamknieciu-fabryki-w-turcji\/","og_locale":"pl_PL","og_type":"article","og_title":"ZAWIADOMIENIE O ZAMKNI\u0118CIU FABRYKI W TURCJI - Ropeland","og_description":"Zesp\u00f3\u0142 Ropeland chcia\u0142by poinformowa\u0107 wszystkie zainteresowane strony o ostatecznym zamkni\u0119ciu naszych zak\u0142ad\u00f3w produkcyjnych dzia\u0142aj\u0105cych w Republice Turcji. Dzia\u0142alno\u015b\u0107 operacyjna zosta\u0142a w ca\u0142o\u015bci przeniesiona do rozbudowanej bazy produkcyjnej w Republice Bu\u0142garii. Wszystkie operacje handlowe, \u0142\u0105cznie z przyjmowaniem, realizacj\u0105 i logistyk\u0105 zam\u00f3wie\u0144 na rynku mi\u0119dzynarodowym, s\u0105 teraz realizowane centralnie z fabryki macierzystej w Bu\u0142garii za po\u015brednictwem domeny [&hellip;]","og_url":"https:\/\/ropeland.eu\/pl\/zawiadomienie-o-zamknieciu-fabryki-w-turcji\/","og_site_name":"Ropeland","article_published_time":"2026-02-13T08:44:11+00:00","og_image":[{"width":1280,"height":720,"url":"https:\/\/ropeland.eu\/wp-content\/uploads\/2023\/05\/photo_2023-05-16_17-38-04.jpg","type":"image\/jpeg"}],"author":"Ivan Todorov","twitter_card":"summary_large_image","twitter_misc":{"Napisane przez":"Ivan Todorov"},"schema":{"@context":"https:\/\/schema.org","@graph":[{"@type":"Article","@id":"https:\/\/ropeland.eu\/pl\/zawiadomienie-o-zamknieciu-fabryki-w-turcji\/#article","isPartOf":{"@id":"https:\/\/ropeland.eu\/pl\/zawiadomienie-o-zamknieciu-fabryki-w-turcji\/"},"author":{"name":"Ivan Todorov","@id":"https:\/\/ropeland.eu\/#\/schema\/person\/f3129ee13356a8bda130ebca43d89379"},"headline":"ZAWIADOMIENIE O ZAMKNI\u0118CIU FABRYKI W TURCJI","datePublished":"2026-02-13T08:44:11+00:00","mainEntityOfPage":{"@id":"https:\/\/ropeland.eu\/pl\/zawiadomienie-o-zamknieciu-fabryki-w-turcji\/"},"wordCount":79,"publisher":{"@id":"https:\/\/ropeland.eu\/#organization"},"image":{"@id":"https:\/\/ropeland.eu\/pl\/zawiadomienie-o-zamknieciu-fabryki-w-turcji\/#primaryimage"},"thumbnailUrl":"https:\/\/ropeland.eu\/wp-content\/uploads\/2026\/02\/viber_image_2026-03-23_12-01-19-169.jpg","articleSection":{"1":"Featured"},"inLanguage":"pl-PL"},{"@type":"WebPage","@id":"https:\/\/ropeland.eu\/pl\/zawiadomienie-o-zamknieciu-fabryki-w-turcji\/","url":"https:\/\/ropeland.eu\/pl\/zawiadomienie-o-zamknieciu-fabryki-w-turcji\/","name":"ZAWIADOMIENIE O ZAMKNI\u0118CIU FABRYKI W TURCJI - Ropeland","isPartOf":{"@id":"https:\/\/ropeland.eu\/#website"},"primaryImageOfPage":{"@id":"https:\/\/ropeland.eu\/pl\/zawiadomienie-o-zamknieciu-fabryki-w-turcji\/#primaryimage"},"image":{"@id":"https:\/\/ropeland.eu\/pl\/zawiadomienie-o-zamknieciu-fabryki-w-turcji\/#primaryimage"},"thumbnailUrl":"https:\/\/ropeland.eu\/wp-content\/uploads\/2026\/02\/viber_image_2026-03-23_12-01-19-169.jpg","datePublished":"2026-02-13T08:44:11+00:00","breadcrumb":{"@id":"https:\/\/ropeland.eu\/pl\/zawiadomienie-o-zamknieciu-fabryki-w-turcji\/#breadcrumb"},"inLanguage":"pl-PL","potentialAction":[{"@type":"ReadAction","target":["https:\/\/ropeland.eu\/pl\/zawiadomienie-o-zamknieciu-fabryki-w-turcji\/"]}]},{"@type":"ImageObject","inLanguage":"pl-PL","@id":"https:\/\/ropeland.eu\/pl\/zawiadomienie-o-zamknieciu-fabryki-w-turcji\/#primaryimage","url":"https:\/\/ropeland.eu\/wp-content\/uploads\/2026\/02\/viber_image_2026-03-23_12-01-19-169.jpg","contentUrl":"https:\/\/ropeland.eu\/wp-content\/uploads\/2026\/02\/viber_image_2026-03-23_12-01-19-169.jpg","width":1600,"height":1200},{"@type":"BreadcrumbList","@id":"https:\/\/ropeland.eu\/pl\/zawiadomienie-o-zamknieciu-fabryki-w-turcji\/#breadcrumb","itemListElement":[{"@type":"ListItem","position":1,"name":"Home","item":"https:\/\/ropeland.eu\/"},{"@type":"ListItem","position":2,"name":"ZAWIADOMIENIE O ZAMKNI\u0118CIU FABRYKI W TURCJI"}]},{"@type":"WebSite","@id":"https:\/\/ropeland.eu\/#website","url":"https:\/\/ropeland.eu\/","name":"Ropeland","description":"","publisher":{"@id":"https:\/\/ropeland.eu\/#organization"},"potentialAction":[{"@type":"SearchAction","target":{"@type":"EntryPoint","urlTemplate":"https:\/\/ropeland.eu\/?s={search_term_string}"},"query-input":{"@type":"PropertyValueSpecification","valueRequired":true,"valueName":"search_term_string"}}],"inLanguage":"pl-PL"},{"@type":"Organization","@id":"https:\/\/ropeland.eu\/#organization","name":"Ropeland","url":"https:\/\/ropeland.eu\/","logo":{"@type":"ImageObject","inLanguage":"pl-PL","@id":"https:\/\/ropeland.eu\/#\/schema\/logo\/image\/","url":"https:\/\/ropeland.eu\/wp-content\/uploads\/2023\/04\/cropped-favicon-1.png","contentUrl":"https:\/\/ropeland.eu\/wp-content\/uploads\/2023\/04\/cropped-favicon-1.png","width":512,"height":512,"caption":"Ropeland"},"image":{"@id":"https:\/\/ropeland.eu\/#\/schema\/logo\/image\/"}},{"@type":"Person","@id":"https:\/\/ropeland.eu\/#\/schema\/person\/f3129ee13356a8bda130ebca43d89379","name":"Ivan Todorov","image":{"@type":"ImageObject","inLanguage":"pl-PL","@id":"https:\/\/secure.gravatar.com\/avatar\/36be760f68af76886aa84fc815241e11c0e6485e469e0d396c669f1ea0392a41?s=96&d=mm&r=g","url":"https:\/\/secure.gravatar.com\/avatar\/36be760f68af76886aa84fc815241e11c0e6485e469e0d396c669f1ea0392a41?s=96&d=mm&r=g","contentUrl":"https:\/\/secure.gravatar.com\/avatar\/36be760f68af76886aa84fc815241e11c0e6485e469e0d396c669f1ea0392a41?s=96&d=mm&r=g","caption":"Ivan Todorov"},"url":"https:\/\/ropeland.eu\/pl\/author\/grow-easy\/"}]}},"_links":{"self":[{"href":"https:\/\/ropeland.eu\/pl\/wp-json\/wp\/v2\/posts\/15679","targetHints":{"allow":["GET"]}}],"collection":[{"href":"https:\/\/ropeland.eu\/pl\/wp-json\/wp\/v2\/posts"}],"about":[{"href":"https:\/\/ropeland.eu\/pl\/wp-json\/wp\/v2\/types\/post"}],"author":[{"embeddable":true,"href":"https:\/\/ropeland.eu\/pl\/wp-json\/wp\/v2\/users\/6"}],"replies":[{"embeddable":true,"href":"https:\/\/ropeland.eu\/pl\/wp-json\/wp\/v2\/comments?post=15679"}],"version-history":[{"count":0,"href":"https:\/\/ropeland.eu\/pl\/wp-json\/wp\/v2\/posts\/15679\/revisions"}],"wp:featuredmedia":[{"embeddable":true,"href":"https:\/\/ropeland.eu\/pl\/wp-json\/wp\/v2\/media\/16107"}],"wp:attachment":[{"href":"https:\/\/ropeland.eu\/pl\/wp-json\/wp\/v2\/media?parent=15679"}],"wp:term":[{"taxonomy":"category","embeddable":true,"href":"https:\/\/ropeland.eu\/pl\/wp-json\/wp\/v2\/categories?post=15679"},{"taxonomy":"post_tag","embeddable":true,"href":"https:\/\/ropeland.eu\/pl\/wp-json\/wp\/v2\/tags?post=15679"}],"curies":[{"name":"wp","href":"https:\/\/api.w.org\/{rel}","templated":true}]}}